{"id":2804,"date":"2026-08-31T10:15:09","date_gmt":"2026-08-31T07:15:09","guid":{"rendered":"https:\/\/mansetekseni.com\/index.php\/cumhurbaskani-erdogan-bizi-tanimak-isteyenler-malazgirte-canakkaleye-baksin\/"},"modified":"2026-08-31T10:15:09","modified_gmt":"2026-08-31T07:15:09","slug":"cumhurbaskani-erdogan-bizi-tanimak-isteyenler-malazgirte-canakkaleye-baksin","status":"publish","type":"post","link":"https:\/\/mansetekseni.com\/index.php\/cumhurbaskani-erdogan-bizi-tanimak-isteyenler-malazgirte-canakkaleye-baksin\/","title":{"rendered":"Cumhurba\u015fkan\u0131 Erdo\u011fan: Bizi tan\u0131mak isteyenler Malazgirt&#039;e, \u00c7anakkale&#039;ye baks\u0131n"},"content":{"rendered":"<p>Cumhurba\u015fkan\u0131 Recep Tayyip Erdo\u011fan, 30 A\u011fustos Zafer Bayram\u0131 \u00d6zel Program\u0131&#039;nda konu\u015ftu. Cumhurba\u015fkan\u0131 Erdo\u011fan konu\u015fmas\u0131nda, &quot;Bizi tan\u0131mak isteyenler, Malazgirt&#039;e, \u00c7anakkale&#039;ye baks\u0131n. Bu milletin f\u0131trat\u0131n\u0131 anlamak isteyenler B\u00fcy\u00fck Zafer&#039;e baks\u0131n. Bu \u00fclkenin hangi \u015fartlar alt\u0131nda kuruldu\u011funu \u00f6\u011frenmek isteyenler, Milli M\u00fccadele&#039;ye baks\u0131n&quot; dedi.<\/p>\n<p><strong>Kaynak:<\/strong> TRT Haber \u2014 <a href=\"https:\/\/www.trthaber.com\/haber\/gundem\/cumhurbaskani-erdogan-bizi-tanimak-isteyenler-malazgirte-canakkaleye-baksin-955389.html\" target=\"_blank\" rel=\"nofollow noopener\">Haberin devam\u0131n\u0131 \u00f6zg\u00fcn kayna\u011f\u0131nda oku<\/a><\/p>\n","protected":false},"excerpt":{"rendered":"<p>Cumhurba\u015fkan\u0131 Recep Tayyip Erdo\u011fan, 30 A\u011fustos Zafer Bayram\u0131 \u00d6zel Program\u0131&#8217;nda konu\u015ftu. Cumhurba\u015fkan\u0131 Erdo\u011fan konu\u015fmas\u0131nda, &#8220;Bizi tan\u0131mak isteyenler, Malazgirt&#8217;e, \u00c7anakkale&#8217;ye baks\u0131n. Bu milletin f\u0131trat\u0131n\u0131 anlamak isteyenler B\u00fcy\u00fck Zafer&#8217;e baks\u0131n. Bu \u00fclkenin hangi \u015fartlar\u2026<\/p>\n","protected":false},"author":1,"featured_media":2805,"comment_status":"closed","ping_status":"closed","sticky":false,"template":"","format":"standard","meta":{"footnotes":""},"categories":[4,14],"tags":[],"class_list":["post-2804","post","type-post","status-publish","format-standard","has-post-thumbnail","hentry","category-gundem","category-siyaset"],"blocksy_meta":{"styles_descriptor":{"styles":{"desktop":"","tablet":"","mobile":""},"google_fonts":[],"version":7}},"_links":{"self":[{"href":"https:\/\/mansetekseni.com\/index.php\/wp-json\/wp\/v2\/posts\/2804","targetHints":{"allow":["GET"]}}],"collection":[{"href":"https:\/\/mansetekseni.com\/index.php\/wp-json\/wp\/v2\/posts"}],"about":[{"href":"https:\/\/mansetekseni.com\/index.php\/wp-json\/wp\/v2\/types\/post"}],"author":[{"embeddable":true,"href":"https:\/\/mansetekseni.com\/index.php\/wp-json\/wp\/v2\/users\/1"}],"replies":[{"embeddable":true,"href":"https:\/\/mansetekseni.com\/index.php\/wp-json\/wp\/v2\/comments?post=2804"}],"version-history":[{"count":0,"href":"https:\/\/mansetekseni.com\/index.php\/wp-json\/wp\/v2\/posts\/2804\/revisions"}],"wp:featuredmedia":[{"embeddable":true,"href":"https:\/\/mansetekseni.com\/index.php\/wp-json\/wp\/v2\/media\/2805"}],"wp:attachment":[{"href":"https:\/\/mansetekseni.com\/index.php\/wp-json\/wp\/v2\/media?parent=2804"}],"wp:term":[{"taxonomy":"category","embeddable":true,"href":"https:\/\/mansetekseni.com\/index.php\/wp-json\/wp\/v2\/categories?post=2804"},{"taxonomy":"post_tag","embeddable":true,"href":"https:\/\/mansetekseni.com\/index.php\/wp-json\/wp\/v2\/tags?post=2804"}],"curies":[{"name":"wp","href":"https:\/\/api.w.org\/{rel}","templated":true}]}}