{"id":2822,"date":"2026-08-31T18:16:45","date_gmt":"2026-08-31T15:16:45","guid":{"rendered":"https:\/\/mansetekseni.com\/index.php\/orman-yanginlariyla-ilgili-15-tutuklama\/"},"modified":"2026-08-31T18:16:45","modified_gmt":"2026-08-31T15:16:45","slug":"orman-yanginlariyla-ilgili-15-tutuklama","status":"publish","type":"post","link":"https:\/\/mansetekseni.com\/index.php\/orman-yanginlariyla-ilgili-15-tutuklama\/","title":{"rendered":"Orman yang\u0131nlar\u0131yla ilgili 15 tutuklama"},"content":{"rendered":"<p>Adalet Bakan\u0131 Ak\u0131n G\u00fcrlek, 1 Haziran&#039;dan bug\u00fcne \u00e7e\u015fitli b\u00f6lgelerde \u00e7\u0131kan 97 orman yang\u0131n\u0131na ili\u015fkin soru\u015fturmalarda tespit edilen 69 \u015f\u00fcpheliden 15&#039;inin tutukland\u0131\u011f\u0131n\u0131 a\u00e7\u0131klad\u0131.<\/p>\n<p><strong>Kaynak:<\/strong> TRT Haber \u2014 <a href=\"https:\/\/www.trthaber.com\/haber\/gundem\/orman-yanginlariyla-ilgili-15-tutuklama-955451.html\" target=\"_blank\" rel=\"nofollow noopener\">Haberin devam\u0131n\u0131 \u00f6zg\u00fcn kayna\u011f\u0131nda oku<\/a><\/p>\n","protected":false},"excerpt":{"rendered":"<p>Adalet Bakan\u0131 Ak\u0131n G\u00fcrlek, 1 Haziran&#8217;dan bug\u00fcne \u00e7e\u015fitli b\u00f6lgelerde \u00e7\u0131kan 97 orman yang\u0131n\u0131na ili\u015fkin soru\u015fturmalarda tespit edilen 69 \u015f\u00fcpheliden 15&#8217;inin tutukland\u0131\u011f\u0131n\u0131 a\u00e7\u0131klad\u0131.<\/p>\n","protected":false},"author":1,"featured_media":2823,"comment_status":"closed","ping_status":"closed","sticky":false,"template":"","format":"standard","meta":{"footnotes":""},"categories":[4],"tags":[],"class_list":["post-2822","post","type-post","status-publish","format-standard","has-post-thumbnail","hentry","category-gundem"],"blocksy_meta":{"styles_descriptor":{"styles":{"desktop":"","tablet":"","mobile":""},"google_fonts":[],"version":7}},"_links":{"self":[{"href":"https:\/\/mansetekseni.com\/index.php\/wp-json\/wp\/v2\/posts\/2822","targetHints":{"allow":["GET"]}}],"collection":[{"href":"https:\/\/mansetekseni.com\/index.php\/wp-json\/wp\/v2\/posts"}],"about":[{"href":"https:\/\/mansetekseni.com\/index.php\/wp-json\/wp\/v2\/types\/post"}],"author":[{"embeddable":true,"href":"https:\/\/mansetekseni.com\/index.php\/wp-json\/wp\/v2\/users\/1"}],"replies":[{"embeddable":true,"href":"https:\/\/mansetekseni.com\/index.php\/wp-json\/wp\/v2\/comments?post=2822"}],"version-history":[{"count":0,"href":"https:\/\/mansetekseni.com\/index.php\/wp-json\/wp\/v2\/posts\/2822\/revisions"}],"wp:featuredmedia":[{"embeddable":true,"href":"https:\/\/mansetekseni.com\/index.php\/wp-json\/wp\/v2\/media\/2823"}],"wp:attachment":[{"href":"https:\/\/mansetekseni.com\/index.php\/wp-json\/wp\/v2\/media?parent=2822"}],"wp:term":[{"taxonomy":"category","embeddable":true,"href":"https:\/\/mansetekseni.com\/index.php\/wp-json\/wp\/v2\/categories?post=2822"},{"taxonomy":"post_tag","embeddable":true,"href":"https:\/\/mansetekseni.com\/index.php\/wp-json\/wp\/v2\/tags?post=2822"}],"curies":[{"name":"wp","href":"https:\/\/api.w.org\/{rel}","templated":true}]}}