{"id":3288,"date":"2026-09-04T00:17:57","date_gmt":"2026-09-03T21:17:57","guid":{"rendered":"https:\/\/mansetekseni.com\/index.php\/katil-israil-ordusu-sakinlerini-goce-zorladigi-mugayyirde-2-filistinli-genci-daha-hayattan-kopardi\/"},"modified":"2026-09-04T00:17:57","modified_gmt":"2026-09-03T21:17:57","slug":"katil-israil-ordusu-sakinlerini-goce-zorladigi-mugayyirde-2-filistinli-genci-daha-hayattan-kopardi","status":"publish","type":"post","link":"https:\/\/mansetekseni.com\/index.php\/katil-israil-ordusu-sakinlerini-goce-zorladigi-mugayyirde-2-filistinli-genci-daha-hayattan-kopardi\/","title":{"rendered":"Katil \u0130srail ordusu, sakinlerini g\u00f6\u00e7e zorlad\u0131\u011f\u0131 Mugayyir&#039;de 2 Filistinli genci daha hayattan kopard\u0131"},"content":{"rendered":"<p>\u0130\u015fgal alt\u0131ndaki Bat\u0131 \u015eeria&#039;da, katil \u0130srail ordusu ve Filistin topraklar\u0131n\u0131 gasbeden \u0130sraillilerin hedefindeki El-Mugayyir k\u00f6y\u00fcnde, 19 ya\u015f\u0131ndaki \u00d6mer Muhammed Naasan ile 16 ya\u015f\u0131ndaki Halil Rasim Halil \u015eehade \u0130srail askerlerinin a\u00e7t\u0131\u011f\u0131 keskin ni\u015fanc\u0131 ate\u015fi sonucu hayata veda etti.<\/p>\n<p><strong>Kaynak:<\/strong> TRT Haber \u2014 <a href=\"https:\/\/www.trthaber.com\/haber\/dunya\/katil-israil-ordusu-sakinlerini-goce-zorladigi-mugayyirde-2-filistinli-genci-daha-hayattan-kopardi-955808.html\" target=\"_blank\" rel=\"nofollow noopener\">Haberin devam\u0131n\u0131 \u00f6zg\u00fcn kayna\u011f\u0131nda oku<\/a><\/p>\n","protected":false},"excerpt":{"rendered":"<p>\u0130\u015fgal alt\u0131ndaki Bat\u0131 \u015eeria&#8217;da, katil \u0130srail ordusu ve Filistin topraklar\u0131n\u0131 gasbeden \u0130sraillilerin hedefindeki El-Mugayyir k\u00f6y\u00fcnde, 19 ya\u015f\u0131ndaki \u00d6mer Muhammed Naasan ile 16 ya\u015f\u0131ndaki Halil Rasim Halil \u015eehade \u0130srail askerlerinin a\u00e7t\u0131\u011f\u0131 keskin ni\u015fanc\u0131\u2026<\/p>\n","protected":false},"author":1,"featured_media":3289,"comment_status":"closed","ping_status":"closed","sticky":false,"template":"","format":"standard","meta":{"footnotes":""},"categories":[6,21],"tags":[],"class_list":["post-3288","post","type-post","status-publish","format-standard","has-post-thumbnail","hentry","category-dunya","category-orta-dogu"],"blocksy_meta":{"styles_descriptor":{"styles":{"desktop":"","tablet":"","mobile":""},"google_fonts":[],"version":7}},"_links":{"self":[{"href":"https:\/\/mansetekseni.com\/index.php\/wp-json\/wp\/v2\/posts\/3288","targetHints":{"allow":["GET"]}}],"collection":[{"href":"https:\/\/mansetekseni.com\/index.php\/wp-json\/wp\/v2\/posts"}],"about":[{"href":"https:\/\/mansetekseni.com\/index.php\/wp-json\/wp\/v2\/types\/post"}],"author":[{"embeddable":true,"href":"https:\/\/mansetekseni.com\/index.php\/wp-json\/wp\/v2\/users\/1"}],"replies":[{"embeddable":true,"href":"https:\/\/mansetekseni.com\/index.php\/wp-json\/wp\/v2\/comments?post=3288"}],"version-history":[{"count":0,"href":"https:\/\/mansetekseni.com\/index.php\/wp-json\/wp\/v2\/posts\/3288\/revisions"}],"wp:featuredmedia":[{"embeddable":true,"href":"https:\/\/mansetekseni.com\/index.php\/wp-json\/wp\/v2\/media\/3289"}],"wp:attachment":[{"href":"https:\/\/mansetekseni.com\/index.php\/wp-json\/wp\/v2\/media?parent=3288"}],"wp:term":[{"taxonomy":"category","embeddable":true,"href":"https:\/\/mansetekseni.com\/index.php\/wp-json\/wp\/v2\/categories?post=3288"},{"taxonomy":"post_tag","embeddable":true,"href":"https:\/\/mansetekseni.com\/index.php\/wp-json\/wp\/v2\/tags?post=3288"}],"curies":[{"name":"wp","href":"https:\/\/api.w.org\/{rel}","templated":true}]}}