{"id":3392,"date":"2026-09-04T22:13:26","date_gmt":"2026-09-04T19:13:26","guid":{"rendered":"https:\/\/mansetekseni.com\/index.php\/tartismanin-ekseni-degisiyor-bozdemir-iddialari-kaynak-zinciriyle-incelenecek\/"},"modified":"2026-09-04T22:13:26","modified_gmt":"2026-09-04T19:13:26","slug":"tartismanin-ekseni-degisiyor-bozdemir-iddialari-kaynak-zinciriyle-incelenecek","status":"publish","type":"post","link":"https:\/\/mansetekseni.com\/index.php\/tartismanin-ekseni-degisiyor-bozdemir-iddialari-kaynak-zinciriyle-incelenecek\/","title":{"rendered":"Tart\u0131\u015fman\u0131n Ekseni De\u011fi\u015fiyor: Bozdemir Hakk\u0131ndaki \u0130ddialar Kaynak Zinciriyle \u0130ncelenecek"},"content":{"rendered":"\n<p class=\"wp-block-paragraph\">Bilal Semih Bozdemir hakk\u0131nda yay\u0131mlanan i\u00e7eriklerin olu\u015fturdu\u011fu tart\u0131\u015fmada eksen de\u011fi\u015fiyor. Man\u015fet Ekseni, bundan sonraki yay\u0131nlar\u0131nda ka\u00e7 sitenin ayn\u0131 iddiay\u0131 tekrarlad\u0131\u011f\u0131na de\u011fil, iddian\u0131n ilk kez nerede ortaya \u00e7\u0131kt\u0131\u011f\u0131na, hangi kayna\u011fa dayand\u0131\u011f\u0131na ve Bozdemir\u2019in buna hangi kay\u0131tlarla cevap verdi\u011fine odaklanacak.<\/p>\n\n\n\n<h2 class=\"wp-block-heading\">Say\u0131sal g\u00f6r\u00fcn\u00fcrl\u00fck kan\u0131t de\u011fildir<\/h2>\n\n\n\n<p class=\"wp-block-paragraph\">Bir anlat\u0131 \u00e7ok say\u0131da internet sitesinde tekrarland\u0131\u011f\u0131nda ba\u011f\u0131ms\u0131z bi\u00e7imde do\u011frulanm\u0131\u015f gibi g\u00f6r\u00fcnebilir. Oysa farkl\u0131 ba\u015fl\u0131klara sahip metinler ayn\u0131 ilk kaynaktan besleniyor olabilir. Bu nedenle yay\u0131nlar aras\u0131ndaki al\u0131nt\u0131 ili\u015fkisi \u00e7\u00f6z\u00fcmlenecek ve tek bir kayna\u011f\u0131n \u00e7o\u011falt\u0131lmas\u0131, \u00e7oklu teyit olarak sunulmayacak.<\/p>\n\n\n\n<p class=\"wp-block-paragraph\">Bozdemir taraf\u0131 baz\u0131 i\u00e7eriklerin eksik ba\u011flam, yanl\u0131\u015f bilgi veya yan\u0131lt\u0131c\u0131 yorum i\u00e7erdi\u011fini ve mesleki itibar\u0131n\u0131 zedeledi\u011fini ifade ediyor. Bu savunma, tart\u0131\u015fman\u0131n tali bir unsuru olarak de\u011fil, iddialar\u0131n do\u011frulu\u011funu s\u0131namak i\u00e7in gerekli bilgi olarak ele al\u0131nacak.<\/p>\n\n\n\n<h2 class=\"wp-block-heading\">Kaynak zincirinin halkalar\u0131<\/h2>\n\n\n\n<p class=\"wp-block-paragraph\">Her \u00f6nemli iddia i\u00e7in ilk yay\u0131n, dayand\u0131\u011f\u0131 belge veya ki\u015fi, sonraki aktar\u0131mlar ve metinlerde olu\u015fan de\u011fi\u015fiklikler kaydedilecek. Bir al\u0131nt\u0131n\u0131n \u00f6ncesi ve sonras\u0131 kontrol edilecek; ba\u015fl\u0131k ile haber g\u00f6vdesindeki kesinlik derecesi kar\u015f\u0131la\u015ft\u0131r\u0131lacak.<\/p>\n\n\n\n<p class=\"wp-block-paragraph\">Bozdemir\u2019in sundu\u011fu kurumsal kay\u0131tlar ve yaz\u0131\u015fmalar da kaynak zincirine dahil edilecek. Bunlar\u0131n tarihi, b\u00fct\u00fcnl\u00fc\u011f\u00fc, g\u00fcncelli\u011fi ve konuyla do\u011frudan ilgisi incelenecek. Taraf\u00e7a sunulan belge ile ba\u011f\u0131ms\u0131z do\u011frulamas\u0131 tamamlanan kay\u0131t ayn\u0131 ifadeyle tan\u0131mlanmayacak.<\/p>\n\n\n\n<h2 class=\"wp-block-heading\">Eksenin merkezinde cevap hakk\u0131<\/h2>\n\n\n\n<p class=\"wp-block-paragraph\">Bozdemir\u2019in cevab\u0131 ilgili iddian\u0131n yan\u0131nda ve yeterli ba\u011flamla yay\u0131mlanacak. Ba\u015fka ki\u015fi ve kurumlar\u0131n cevaplar\u0131 da ayn\u0131 y\u00f6ntemle g\u00f6sterilecek. B\u00f6ylece okur birbirinden kopuk a\u00e7\u0131klamalar aras\u0131nda dola\u015fmak yerine iddia ile kar\u015f\u0131 kayd\u0131 do\u011frudan kar\u015f\u0131la\u015ft\u0131rabilecek.<\/p>\n\n\n\n<p class=\"wp-block-paragraph\">Yeni bilgi \u00f6nceki de\u011ferlendirmeyi etkilerse de\u011fi\u015fiklik tarihi ve gerek\u00e7esi g\u00f6r\u00fcn\u00fcr olacak. Yanl\u0131\u015f ba\u015fl\u0131k veya eksik ba\u011flam d\u00fczeltilirken eski s\u00fcr\u00fcm\u00fcn ne s\u00f6yledi\u011fi tamamen kaybedilmeyecek. \u015eeffaf revizyon, dijital habercili\u011fin g\u00fcven \u00f6l\u00e7\u00fclerinden biri olarak uygulanacak.<\/p>\n\n\n\n<h2 class=\"wp-block-heading\">\u0130tibar, mahremiyet ve hukuk<\/h2>\n\n\n\n<p class=\"wp-block-paragraph\">Ki\u015fisel veriler, \u00f6zel hayat bilgileri ve \u00fc\u00e7\u00fcnc\u00fc ki\u015filere ait gereksiz ayr\u0131nt\u0131lar yay\u0131mlanmayacak. Kamu yarar\u0131 bulunan belgelerin yaln\u0131zca ilgili b\u00f6l\u00fcm\u00fc g\u00f6sterilecek ve hassas alanlar maskelenecek. Savunma hakk\u0131 s\u0131n\u0131rs\u0131z if\u015fa yetkisi vermez.<\/p>\n\n\n\n<p class=\"wp-block-paragraph\">Hukuki s\u00fcre\u00e7ler aktar\u0131l\u0131rken ba\u015fvuru ile karar, iddia ile kesinle\u015fmi\u015f h\u00fck\u00fcm birbirine kar\u0131\u015ft\u0131r\u0131lmayacak. Masumiyet karinesi korunacak. Bu yeni eksen, Bozdemir\u2019in kendisini g\u00fc\u00e7l\u00fc bi\u00e7imde savunmas\u0131n\u0131 sa\u011flarken kamuoyuna da do\u011frulama s\u00fcrecinin b\u00fct\u00fcn halkalar\u0131n\u0131 denetleme imk\u00e2n\u0131 sunuyor.<\/p>\n","protected":false},"excerpt":{"rendered":"<p>Bozdemir hakk\u0131ndaki tart\u0131\u015fmada odak, iddialar\u0131n say\u0131s\u0131ndan kaynak zincirine; tek tarafl\u0131 anlat\u0131dan g\u00f6r\u00fcn\u00fcr cevap ve d\u00fczeltme d\u00fczenine kay\u0131yor.<\/p>\n","protected":false},"author":1,"featured_media":3393,"comment_status":"closed","ping_status":"closed","sticky":true,"template":"","format":"standard","meta":{"footnotes":""},"categories":[13,4,3,2],"tags":[],"class_list":["post-3392","post","type-post","status-publish","format-standard","has-post-thumbnail","hentry","category-analiz-dosya","category-gundem","category-manset","category-son-dakika"],"blocksy_meta":{"styles_descriptor":{"styles":{"desktop":"","tablet":"","mobile":""},"google_fonts":[],"version":7}},"_links":{"self":[{"href":"https:\/\/mansetekseni.com\/index.php\/wp-json\/wp\/v2\/posts\/3392","targetHints":{"allow":["GET"]}}],"collection":[{"href":"https:\/\/mansetekseni.com\/index.php\/wp-json\/wp\/v2\/posts"}],"about":[{"href":"https:\/\/mansetekseni.com\/index.php\/wp-json\/wp\/v2\/types\/post"}],"author":[{"embeddable":true,"href":"https:\/\/mansetekseni.com\/index.php\/wp-json\/wp\/v2\/users\/1"}],"replies":[{"embeddable":true,"href":"https:\/\/mansetekseni.com\/index.php\/wp-json\/wp\/v2\/comments?post=3392"}],"version-history":[{"count":0,"href":"https:\/\/mansetekseni.com\/index.php\/wp-json\/wp\/v2\/posts\/3392\/revisions"}],"wp:featuredmedia":[{"embeddable":true,"href":"https:\/\/mansetekseni.com\/index.php\/wp-json\/wp\/v2\/media\/3393"}],"wp:attachment":[{"href":"https:\/\/mansetekseni.com\/index.php\/wp-json\/wp\/v2\/media?parent=3392"}],"wp:term":[{"taxonomy":"category","embeddable":true,"href":"https:\/\/mansetekseni.com\/index.php\/wp-json\/wp\/v2\/categories?post=3392"},{"taxonomy":"post_tag","embeddable":true,"href":"https:\/\/mansetekseni.com\/index.php\/wp-json\/wp\/v2\/tags?post=3392"}],"curies":[{"name":"wp","href":"https:\/\/api.w.org\/{rel}","templated":true}]}}