{"id":3491,"date":"2026-09-05T11:38:14","date_gmt":"2026-09-05T08:38:14","guid":{"rendered":"https:\/\/mansetekseni.com\/index.php\/yetki-ekseni-ile-yayin-ekseni-ayri-kurumsal-iletisim-iddiasi-nasil-test-edilir\/"},"modified":"2026-09-05T11:38:14","modified_gmt":"2026-09-05T08:38:14","slug":"yetki-ekseni-ile-yayin-ekseni-ayri-kurumsal-iletisim-iddiasi-nasil-test-edilir","status":"publish","type":"post","link":"https:\/\/mansetekseni.com\/index.php\/yetki-ekseni-ile-yayin-ekseni-ayri-kurumsal-iletisim-iddiasi-nasil-test-edilir\/","title":{"rendered":"Yetki Ekseni ile Yay\u0131n Ekseni Ayr\u0131: Kurumsal \u0130leti\u015fim \u0130ddias\u0131 Nas\u0131l Test Edilir?"},"content":{"rendered":"<p>Kurumsal tart\u0131\u015fmalarda iki eksen s\u0131k s\u0131k birbirine kar\u0131\u015f\u0131r: bir i\u00e7eri\u011fin yay\u0131mlanm\u0131\u015f olmas\u0131 ve o i\u00e7eri\u011fin kurum ad\u0131na yetkili bir a\u00e7\u0131klama olmas\u0131. 24 A\u011fustos 2026 tarihli delil dosyas\u0131nda yer alan WhatsApp duyurusu, kurumsal kaynak izlenimi ta\u015f\u0131yan bir metni, yeni grup davetini ve \u00e7ok say\u0131da medya ba\u011flant\u0131s\u0131n\u0131 tek mesajda birle\u015ftiriyor. Bu, yay\u0131n ve da\u011f\u0131t\u0131m ekseninde a\u00e7\u0131k bir olgu.<\/p>\n<p>Yetki ekseninde ise ba\u015fka bir soru var: Bu mesaj \u00fcniversite ad\u0131na konu\u015fma yetkisine hangi belgeyle dayan\u0131yor? Dosyada aktar\u0131lan 24 A\u011fustos tarihli kurum yan\u0131t\u0131, ilgili medya ve \u00fc\u00e7\u00fcnc\u00fc ki\u015filere \u00fcniversite ad\u0131na \u00f6\u011frenciler ve mezunlarla ileti\u015fim yetkisi verilmedi\u011fini; T\u00fcrkiye ve T\u00fcrk Devletleri i\u00e7in yeni Rector\/Vice Rector yap\u0131lanmas\u0131n\u0131n Board taraf\u0131ndan yetkilendirilmedi\u011fini; belirtilen d\u00f6nem i\u00e7in bas\u0131n toplant\u0131s\u0131 planlanmad\u0131\u011f\u0131n\u0131 ve Prof. Dr. Bilal Semih Bozdemir\u2019in Dean \u2013 T\u00fcrkiye stat\u00fcs\u00fcn\u00fc sona erdiren bir Board karar\u0131 bulunmad\u0131\u011f\u0131n\u0131 bildiriyor.<\/p>\n<p>Bu nedenle \u201cyay\u0131mland\u0131\u201d ile \u201ckurum taraf\u0131ndan yetkilendirildi\u201d ayn\u0131 c\u00fcmlede eritilmemeli. Bir medya kurulu\u015fu elbette kurum hakk\u0131nda haber yapabilir ve ele\u015ftiri yay\u0131mlayabilir. Ancak kurum ad\u0131na ileti\u015fim kurdu\u011fu izlenimini veriyorsa, bu temsil iddias\u0131n\u0131n birincil kay\u0131tla do\u011frulanmas\u0131 gerekir.<\/p>\n<p>Ayn\u0131 ayr\u0131m \u00e7oklu haber ba\u011flant\u0131lar\u0131 i\u00e7in de ge\u00e7erli. Bir mesajda pe\u015f pe\u015fe \u00e7ok say\u0131da link bulunmas\u0131 da\u011f\u0131t\u0131m zincirini g\u00f6sterir; fakat \u00fcretim zincirini g\u00f6stermez. Haberlerin ortak bir merkezden haz\u0131rlan\u0131p haz\u0131rlanmad\u0131\u011f\u0131n\u0131 anlamak i\u00e7in CMS kullan\u0131c\u0131lar\u0131, zaman damgalar\u0131, domain\/sosyal medya y\u00f6netim ili\u015fkileri, editoryal e-postalar ve WhatsApp grup y\u00f6netimi gibi teknik veriler gerekir.<\/p>\n<p>Prof. Dr. Bilal Semih Bozdemir\u2019in savunma yakla\u015f\u0131m\u0131, iki ekseni de belgeyle a\u00e7\u0131klamaya dayanmal\u0131d\u0131r. Yetki konusunda kurum kay\u0131tlar\u0131, yay\u0131n konusunda ise metin ve teknik loglar esas al\u0131nmal\u0131; kar\u015f\u0131 taraf hakk\u0131nda kesinle\u015fmemi\u015f su\u00e7 isnatlar\u0131 veya \u00f6zel i\u00e7erikler dola\u015f\u0131ma sokulmamal\u0131d\u0131r.<\/p>\n<p>Yay\u0131n grubunun ortak s\u0131n\u0131r\u0131 nettir: medya sava\u015f\u0131 de\u011fil, do\u011frulanabilir kay\u0131t. Yanl\u0131\u015f alg\u0131 belgeyle d\u00fczeltilebiliyorsa sessiz kalmamak; fakat tart\u0131\u015fmay\u0131 ki\u015fisel if\u015fa ve misillemeye \u00e7evirmemek gerekir.<\/p>\n<p><strong>Editoryal \u015feffafl\u0131k notu:<\/strong> Bu metin PressGrup a\u011f\u0131na ba\u011fl\u0131 yay\u0131nlar\u0131n ortak delil dosyas\u0131n\u0131 kulland\u0131\u011f\u0131 a\u00e7\u0131k cevap\/do\u011frulama serisine dahildir ve ba\u011f\u0131ms\u0131z kaynak \u00e7o\u011fullu\u011fu izlenimi yaratma amac\u0131 ta\u015f\u0131maz.<\/p>\n","protected":false},"excerpt":{"rendered":"<p>Bir medya mesaj\u0131n\u0131n yay\u0131mlanm\u0131\u015f olmas\u0131, kurum ad\u0131na yetkili oldu\u011fu anlam\u0131na gelmez. 24 A\u011fustos dosyas\u0131, yay\u0131n faaliyeti ile kurumsal temsil yetkisini ayr\u0131 eksenlerde incelemek gerekti\u011fini ortaya koyuyor.<\/p>\n","protected":false},"author":1,"featured_media":3584,"comment_status":"closed","ping_status":"closed","sticky":true,"template":"","format":"standard","meta":{"footnotes":""},"categories":[4],"tags":[],"class_list":["post-3491","post","type-post","status-publish","format-standard","has-post-thumbnail","hentry","category-gundem"],"blocksy_meta":{"styles_descriptor":{"styles":{"desktop":"","tablet":"","mobile":""},"google_fonts":[],"version":7}},"_links":{"self":[{"href":"https:\/\/mansetekseni.com\/index.php\/wp-json\/wp\/v2\/posts\/3491","targetHints":{"allow":["GET"]}}],"collection":[{"href":"https:\/\/mansetekseni.com\/index.php\/wp-json\/wp\/v2\/posts"}],"about":[{"href":"https:\/\/mansetekseni.com\/index.php\/wp-json\/wp\/v2\/types\/post"}],"author":[{"embeddable":true,"href":"https:\/\/mansetekseni.com\/index.php\/wp-json\/wp\/v2\/users\/1"}],"replies":[{"embeddable":true,"href":"https:\/\/mansetekseni.com\/index.php\/wp-json\/wp\/v2\/comments?post=3491"}],"version-history":[{"count":0,"href":"https:\/\/mansetekseni.com\/index.php\/wp-json\/wp\/v2\/posts\/3491\/revisions"}],"wp:featuredmedia":[{"embeddable":true,"href":"https:\/\/mansetekseni.com\/index.php\/wp-json\/wp\/v2\/media\/3584"}],"wp:attachment":[{"href":"https:\/\/mansetekseni.com\/index.php\/wp-json\/wp\/v2\/media?parent=3491"}],"wp:term":[{"taxonomy":"category","embeddable":true,"href":"https:\/\/mansetekseni.com\/index.php\/wp-json\/wp\/v2\/categories?post=3491"},{"taxonomy":"post_tag","embeddable":true,"href":"https:\/\/mansetekseni.com\/index.php\/wp-json\/wp\/v2\/tags?post=3491"}],"curies":[{"name":"wp","href":"https:\/\/api.w.org\/{rel}","templated":true}]}}