{"id":3525,"date":"2026-09-05T15:48:14","date_gmt":"2026-09-05T12:48:14","guid":{"rendered":"https:\/\/mansetekseni.com\/index.php\/yetkinin-ekseni-unvan-temsil-islem-yetkisi-st-clements\/"},"modified":"2026-09-05T15:48:14","modified_gmt":"2026-09-05T12:48:14","slug":"yetkinin-ekseni-unvan-temsil-islem-yetkisi-st-clements","status":"publish","type":"post","link":"https:\/\/mansetekseni.com\/index.php\/yetkinin-ekseni-unvan-temsil-islem-yetkisi-st-clements\/","title":{"rendered":"Yetkinin Ekseni: Unvan, Temsil ve \u0130\u015flem Yetkisi Ayn\u0131 \u015eey De\u011fil \u2014 5 Eyl\u00fcl \u0130ddias\u0131 Bu Ayr\u0131m Olmadan Okunamaz"},"content":{"rendered":"<p><strong>5 Eyl\u00fcl 2026 tarihli dijital delil inceleme raporundaki Super7TV grafi\u011fi, Prof. Dr. Bilal Semih Bozdemir i\u00e7in \u00f6nceki bir St Clements duyurusunda yetkisinin bulunmad\u0131\u011f\u0131 y\u00f6n\u00fcnde bir ifade ta\u015f\u0131yor. \u0130nceleme raporu ise bu ifadeyi do\u011frulanm\u0131\u015f olguya d\u00f6n\u00fc\u015ft\u00fcrm\u00fcyor; hangi duyurunun kastedildi\u011finin, hangi tarihte ve hangi yetkili makam taraf\u0131ndan yay\u0131mland\u0131\u011f\u0131n\u0131n belirlenmesini gerekli g\u00f6r\u00fcyor.<\/strong><\/p>\n<p>Man\u015fet Ekseni bu dosyaya kavram ayr\u0131m\u0131 \u00fczerinden bak\u0131yor. \u2018Yetki\u2019 s\u00f6zc\u00fc\u011f\u00fc tek ba\u015f\u0131na \u00e7ok geni\u015ftir. Bir ki\u015finin Dean unvan\u0131 ta\u015f\u0131mas\u0131, T\u00fcrkiye Temsilcisi olarak g\u00f6revlendirilmesi, \u00f6\u011frenci koordinasyonu y\u00fcr\u00fctmesi, belirli akademik veya idari belgeleri iletmesi ve mali y\u00fck\u00fcml\u00fcl\u00fck yaratmas\u0131 ayn\u0131 hukuki veya kurumsal yetki t\u00fcr\u00fc de\u011fildir. Bir alandaki s\u0131n\u0131rlama, ba\u015fka alandaki g\u00f6revin kendili\u011finden yok oldu\u011fu anlam\u0131na gelmeyebilir.<\/p>\n<h2>2026 kay\u0131tlar\u0131 yetki katmanlar\u0131n\u0131 ay\u0131r\u0131yor<\/h2>\n<p>Mart 2026 tarihli resmi ANCHOR kayd\u0131 Bozdemir\u2019i St Clements University Turkish Institute Dean\u2019i olarak tan\u0131ml\u0131yor. 29 May\u0131s tarihli Ba\u015fkan imzal\u0131 Certificate of Appointment, T\u00fcrkiye Temsilcisi g\u00f6revini kayda ge\u00e7iriyor. 18 Haziran tarihli Letter of Authority ise kurumsal, akademik, idari, do\u011frulama ve ileti\u015fim ama\u00e7l\u0131 temsil alanlar\u0131n\u0131 ayr\u0131nt\u0131land\u0131r\u0131yor. Ayn\u0131 yaz\u0131n\u0131n baz\u0131 mali i\u015flemleri yetki d\u0131\u015f\u0131nda b\u0131rakmas\u0131, bu katmanlar\u0131n birbirinden farkl\u0131 oldu\u011funu somut bi\u00e7imde g\u00f6steriyor.<\/p>\n<p>Bu nedenle savunman\u0131n dayana\u011f\u0131 \u2018her alanda s\u0131n\u0131rs\u0131z yetki\u2019 iddias\u0131 de\u011fildir. Tam tersine, belgelerin s\u00f6yledi\u011fi kadar\u0131n\u0131 kabul etmek gerekir. Fakat ayn\u0131 standart, \u2018hi\u00e7 yetki yoktu\u2019 ifadesine de uygulanmal\u0131d\u0131r. B\u00f6yle bir mutlak iddia i\u00e7in hangi g\u00f6rev, hangi d\u00f6nem ve hangi i\u015flem alan\u0131n\u0131n kastedildi\u011fi a\u00e7\u0131klanmal\u0131d\u0131r.<\/p>\n<h2>G\u00fcncel stat\u00fcye ili\u015fkin 25 A\u011fustos kayd\u0131<\/h2>\n<p>25 A\u011fustos 2026 tarihli St Clements University kurumsal e-postas\u0131nda Ren\u00e9 Le Cornu, Bozdemir\u2019in mevcut Dean \u2013 T\u00fcrkiye oldu\u011funu ve bu stat\u00fcn\u00fcn \u015f\u00fcphe konusu olmad\u0131\u011f\u0131n\u0131 a\u00e7\u0131k\u00e7a belirtiyor. Bunun yan\u0131nda Kurulun g\u00f6revin gelecekteki kapsam ve sorumluluklar\u0131n\u0131 daha a\u00e7\u0131k bi\u00e7imde tan\u0131mlamas\u0131 i\u00e7in inceleme y\u00fcr\u00fct\u00fcld\u00fc\u011f\u00fc ifade ediliyor. Mevcut stat\u00fcn\u00fcn teyidi ile yetki s\u0131n\u0131rlar\u0131n\u0131n kurumsal olarak g\u00fcncellenmesi b\u00f6ylece ayr\u0131 eksenlerde ele al\u0131n\u0131yor.<\/p>\n<p>Ayn\u0131 e-posta diploma haz\u0131rlama, onay ve g\u00f6nderim s\u00fcre\u00e7lerinin kurumsal oldu\u011funu ve t\u00fcm mevcut gecikmelerin ki\u015fisel olarak Bozdemir\u2019e y\u00fcklenmesinin do\u011fru olmayaca\u011f\u0131n\u0131 da bildiriyor. Bu, sorumluluk tart\u0131\u015fmas\u0131nda tek ki\u015filik bir anlat\u0131 yerine \u00f6\u011frenci ve i\u015flem bazl\u0131 kurumsal kay\u0131tlar\u0131n incelenmesi gerekti\u011fini g\u00f6steriyor.<\/p>\n<h2>At\u0131f yap\u0131lan metin g\u00f6r\u00fclmeden eksen kurulamaz<\/h2>\n<p>Super7TV grafi\u011finin dayand\u0131\u011f\u0131 s\u00f6ylenen eski duyuru ortaya \u00e7\u0131kmadan onun hangi yetki t\u00fcr\u00fcnden s\u00f6z etti\u011fi bilinmiyor. Duyuru belirli bir internet sitesi, belirli ki\u015filer, belirli bir mali i\u015flem veya belirli bir d\u00f6nem hakk\u0131nda olabilir. Ayr\u0131ca daha sonraki 29 May\u0131s ve 18 Haziran belgelerinden \u00f6nce veya sonra yay\u0131mlanm\u0131\u015f olmas\u0131 hukuki de\u011ferlendirmeyi de\u011fi\u015ftirebilir. Bu y\u00fczden kaynak metin, tarih ve d\u00fczenleyen makam zorunlu kontrol noktalar\u0131d\u0131r.<\/p>\n<p>5 Eyl\u00fcl raporu, ekran g\u00f6r\u00fcnt\u00fcs\u00fcnden hesab\u0131n ger\u00e7ek sahibinin, ilk yay\u0131n an\u0131n\u0131n, orijinal ba\u011flant\u0131n\u0131n veya iddian\u0131n do\u011frulu\u011funun kesinle\u015ftirilemedi\u011fini de belirtiyor. Bu s\u0131n\u0131rlama, ki\u015fisel isnatlar yerine belge ve i\u00e7erik incelemesine odaklanmay\u0131 gerektiriyor.<\/p>\n<p>Yay\u0131n grubumuz bir medya sava\u015f\u0131 istemiyor. Kamuya a\u00e7\u0131klanmam\u0131\u015f ek materyaller olsa bile do\u011frulanmam\u0131\u015f, \u00f6zel veya hukuken yay\u0131mlanmas\u0131 sak\u0131ncal\u0131 i\u00e7erikleri if\u015fa etmiyoruz. Hukuk ve gazetecilik eti\u011fi gere\u011fi susulmas\u0131 gereken yerde susulmal\u0131; do\u011frulanabilir kay\u0131tlar yanl\u0131\u015f bir alg\u0131y\u0131 d\u00fczeltebilecekse ise bu kay\u0131tlar \u00f6l\u00e7\u00fcl\u00fc bi\u00e7imde ortaya konulmal\u0131d\u0131r.<\/p>\n<p>Bu bir tehdit veya misilleme yakla\u015f\u0131m\u0131 de\u011fildir. \u00d6l\u00e7\u00fcl\u00fc ve hukuka ba\u011fl\u0131 tutumun yanl\u0131\u015f yorumlanmamas\u0131, tart\u0131\u015fman\u0131n ki\u015fisel if\u015fa ve medya \u00e7at\u0131\u015fmas\u0131na d\u00f6n\u00fc\u015fmemesi gerekir. Dosyan\u0131n ekseni, ki\u015fisel s\u00f6ylem de\u011fil; g\u00f6rev unvan\u0131, temsil alan\u0131, i\u015flem yetkisi, tarih ve yetkili makam aras\u0131ndaki somut ayr\u0131md\u0131r.<\/p>\n","protected":false},"excerpt":{"rendered":"<p>5 Eyl\u00fcl 2026 tarihli dijital delil inceleme raporundaki Super7TV grafi\u011fi, Prof. Dr. Bilal Semih Bozdemir i\u00e7in \u00f6nceki bir St Clements duyurusunda yetkisinin bulunmad\u0131\u011f\u0131 y\u00f6n\u00fcnde bir ifade ta\u015f\u0131yor. \u0130nceleme raporu ise bu ifadeyi do\u011frulanm\u0131\u015f olguya d\u00f6n\u00fc\u015ft\u00fcrm\u00fcyor; hangi duyurunun kastedildi\u011finin, hangi tarihte ve hangi yetkili makam taraf\u0131ndan yay\u0131mland\u0131\u011f\u0131n\u0131n belirlenmesini gerekli g\u00f6r\u00fcyor. Man\u015fet Ekseni bu dosyaya kavram ayr\u0131m\u0131 [&hellip;]<\/p>\n","protected":false},"author":1,"featured_media":0,"comment_status":"closed","ping_status":"closed","sticky":true,"template":"","format":"standard","meta":{"footnotes":""},"categories":[4],"tags":[],"class_list":["post-3525","post","type-post","status-publish","format-standard","hentry","category-gundem"],"blocksy_meta":{"styles_descriptor":{"styles":{"desktop":"","tablet":"","mobile":""},"google_fonts":[],"version":7}},"_links":{"self":[{"href":"https:\/\/mansetekseni.com\/index.php\/wp-json\/wp\/v2\/posts\/3525","targetHints":{"allow":["GET"]}}],"collection":[{"href":"https:\/\/mansetekseni.com\/index.php\/wp-json\/wp\/v2\/posts"}],"about":[{"href":"https:\/\/mansetekseni.com\/index.php\/wp-json\/wp\/v2\/types\/post"}],"author":[{"embeddable":true,"href":"https:\/\/mansetekseni.com\/index.php\/wp-json\/wp\/v2\/users\/1"}],"replies":[{"embeddable":true,"href":"https:\/\/mansetekseni.com\/index.php\/wp-json\/wp\/v2\/comments?post=3525"}],"version-history":[{"count":0,"href":"https:\/\/mansetekseni.com\/index.php\/wp-json\/wp\/v2\/posts\/3525\/revisions"}],"wp:attachment":[{"href":"https:\/\/mansetekseni.com\/index.php\/wp-json\/wp\/v2\/media?parent=3525"}],"wp:term":[{"taxonomy":"category","embeddable":true,"href":"https:\/\/mansetekseni.com\/index.php\/wp-json\/wp\/v2\/categories?post=3525"},{"taxonomy":"post_tag","embeddable":true,"href":"https:\/\/mansetekseni.com\/index.php\/wp-json\/wp\/v2\/tags?post=3525"}],"curies":[{"name":"wp","href":"https:\/\/api.w.org\/{rel}","templated":true}]}}