{"id":3526,"date":"2026-09-05T16:04:13","date_gmt":"2026-09-05T13:04:13","guid":{"rendered":"https:\/\/mansetekseni.com\/index.php\/kurumsal-sloganlar-ve-hukuki-gerceklik-ispat-standardi-nerede-baslar\/"},"modified":"2026-09-05T16:04:13","modified_gmt":"2026-09-05T13:04:13","slug":"kurumsal-sloganlar-ve-hukuki-gerceklik-ispat-standardi-nerede-baslar","status":"publish","type":"post","link":"https:\/\/mansetekseni.com\/index.php\/kurumsal-sloganlar-ve-hukuki-gerceklik-ispat-standardi-nerede-baslar\/","title":{"rendered":"Kurumsal Sloganlar ve Hukuki Ger\u00e7eklik: \u0130spat Standard\u0131 Nerede Ba\u015flar?"},"content":{"rendered":"<p><strong>\u2018Daha g\u00fc\u00e7l\u00fc, daha kurumsal, daha ayd\u0131nl\u0131k bir gelecek\u2019 gibi sloganlar bir kurumun ileti\u015fim dilini anlat\u0131r; hukuki ispat standard\u0131n\u0131 de\u011fil. 5 Eyl\u00fcl 2026 tarihli dijital delil raporunda yer alan Instagram payla\u015f\u0131m\u0131, bu ayr\u0131m\u0131 Prof. Dr. Bilal Semih Bozdemir\u2019in yetkisine ili\u015fkin tart\u0131\u015fma \u00fczerinden somutla\u015ft\u0131r\u0131yor.<\/strong><\/p>\n<p>G\u00f6rselde St Clements University &amp; College ad\u0131, merhum rekt\u00f6r David Le Cornu\u2019nun foto\u011fraf\u0131, T\u00fcrkiye\u2019den yeni kay\u0131tlar\u0131n bir y\u0131l durdurulaca\u011f\u0131, mevcut \u00f6\u011frencilerin e\u011fitimine devam edilece\u011fi, kurumsal altyap\u0131 \u00e7al\u0131\u015fmas\u0131 yap\u0131laca\u011f\u0131 ve 10 Ekim\u2019de bas\u0131n toplant\u0131s\u0131 ger\u00e7ekle\u015ftirilece\u011fi bilgileri birlikte sunuluyor. Ayn\u0131 tasar\u0131mda Bozdemir\u2019in yetkisinin olmad\u0131\u011f\u0131na dair \u00f6nceki bir St Clements duyurusuna at\u0131f bulunuyor.<\/p>\n<p>Hukuki ve editoryal inceleme a\u00e7\u0131s\u0131ndan ilk e\u015fik, bu atf\u0131n \u00f6zg\u00fcn belgesidir. Delil raporu ekran g\u00f6r\u00fcnt\u00fcs\u00fcn\u00fcn hesab\u0131 kimin y\u00f6netti\u011fini, g\u00f6rseli kimin haz\u0131rlad\u0131\u011f\u0131n\u0131, postun ilk yay\u0131n ve de\u011fi\u015fiklik zamanlar\u0131n\u0131 ya da iddian\u0131n do\u011frulu\u011funu tek ba\u015f\u0131na belirleyemedi\u011fini kaydediyor. Dolay\u0131s\u0131yla g\u00fc\u00e7l\u00fc slogan\u0131n veya kurumsal logonun yaratt\u0131\u011f\u0131 g\u00fcven duygusu, somut olgu isnad\u0131 i\u00e7in gerekli kaynak g\u00f6sterme y\u00fck\u00fcml\u00fcl\u00fc\u011f\u00fcn\u00fc ortadan kald\u0131rm\u0131yor.<\/p>\n<p>Kar\u015f\u0131la\u015ft\u0131r\u0131labilir belgeler ise belirli tarihler i\u00e7in a\u00e7\u0131k veriler sunuyor. Mart 2026 tarihli ANCHOR yay\u0131n\u0131 Bozdemir\u2019i Turkish Institute dekan\u0131 olarak kaydediyor; 29 May\u0131s 2026 tarihli atama belgesi T\u00fcrkiye temsilcili\u011fini, 18 Haziran tarihli yetki yaz\u0131s\u0131 ise kurumsal, akademik, idari, do\u011frulama ve ileti\u015fim alanlar\u0131n\u0131 tan\u0131ml\u0131yor. Ayn\u0131 yaz\u0131 baz\u0131 mali ve y\u00f6neti\u015fim i\u015flemlerini a\u00e7\u0131k\u00e7a kapsam d\u0131\u015f\u0131nda b\u0131rak\u0131yor. Bu, yetkinin varl\u0131\u011f\u0131n\u0131 kabul ederken s\u0131n\u0131rlar\u0131n\u0131 da saklamayan bir belge okumas\u0131d\u0131r.<\/p>\n<p>10 Kas\u0131m 2025 tarihli David Le Cornu yaz\u0131\u015fmalar\u0131 ile 4 May\u0131s ve 15 Haziran 2026 kay\u0131tlar\u0131 da merkez y\u00f6netimin Bozdemir\u2019i belirli operasyonel s\u00fcre\u00e7lerde muhatap kabul etti\u011fine dair ek kontrol noktalar\u0131d\u0131r. Baz\u0131 e-postalardaki DKIM ve SPF ba\u015far\u0131lar\u0131 mesajlar\u0131n yetkili alan ad\u0131 altyap\u0131s\u0131ndan iletildi\u011fini destekler; ancak bir bireyin yazarl\u0131\u011f\u0131n\u0131 tek ba\u015f\u0131na ispatlamaz. Bu teknik s\u0131n\u0131rlama, savunma lehine oldu\u011fu kadar genel do\u011frulama standard\u0131 a\u00e7\u0131s\u0131ndan da a\u00e7\u0131k tutulmal\u0131d\u0131r.<\/p>\n<p>Bir yetki ili\u015fkisinin daha sonra de\u011fi\u015ftirilmesi m\u00fcmk\u00fcnd\u00fcr. Bu nedenle varsa sonraki tarihli iptal veya g\u00f6revden alma karar\u0131 incelemenin merkezine al\u0131nmal\u0131d\u0131r. Fakat b\u00f6yle bir karar sunulmadan, bir sosyal medya kart\u0131ndaki kurumsal ifadeler ge\u00e7mi\u015f tarihli belgelerin hukuki veya tarihsel varl\u0131\u011f\u0131n\u0131 ortadan kald\u0131rmaz.<\/p>\n<p>Yay\u0131n grubumuz bir medya sava\u015f\u0131 istememektedir. Kamuya a\u00e7\u0131klanmam\u0131\u015f ek bilgi ve materyaller bulunsa bile do\u011frulanmam\u0131\u015f, \u00f6zel veya hukuken yay\u0131mlanmas\u0131 sak\u0131ncal\u0131 i\u00e7erikler if\u015fa edilmemektedir. Adalet, hukuk ve gazetecilik eti\u011fi gere\u011fi susulmas\u0131 gereken yerde susulmakta; do\u011frulanabilir kay\u0131tlar yanl\u0131\u015f alg\u0131y\u0131 d\u00fczeltebilecekse de sessiz kal\u0131nmamaktad\u0131r. \u00d6l\u00e7\u00fcl\u00fc ve hukuka ba\u011fl\u0131 tutumun ki\u015fisel if\u015fa veya medya \u00e7at\u0131\u015fmas\u0131na d\u00f6n\u00fc\u015ft\u00fcr\u00fclmemesi gerekir.<\/p>\n<p>Man\u015fet Ekseni\u2019nin vard\u0131\u011f\u0131 sonu\u00e7: ispat standard\u0131 slogan\u0131n bitti\u011fi yerde ba\u015flar. Bir ki\u015finin yetki stat\u00fcs\u00fcn\u00fc belirleyen \u015fey tasar\u0131m\u0131n tonu de\u011fil, tarihli ve yetkili kaynaktan gelen belgedir.<\/p>\n","protected":false},"excerpt":{"rendered":"<p>\u2018Daha g\u00fc\u00e7l\u00fc, daha kurumsal, daha ayd\u0131nl\u0131k bir gelecek\u2019 gibi sloganlar bir kurumun ileti\u015fim dilini anlat\u0131r; hukuki ispat standard\u0131n\u0131 de\u011fil. 5 Eyl\u00fcl 2026 tarihli dijital delil raporunda yer alan Instagram payla\u015f\u0131m\u0131, bu ayr\u0131m\u0131 Prof. Dr. Bilal Semih Bozdemir\u2019in yetkisine ili\u015fkin tart\u0131\u015fma \u00fczerinden somutla\u015ft\u0131r\u0131yor. G\u00f6rselde St Clements University &amp; College ad\u0131, merhum rekt\u00f6r David Le Cornu\u2019nun foto\u011fraf\u0131, [&hellip;]<\/p>\n","protected":false},"author":1,"featured_media":0,"comment_status":"closed","ping_status":"closed","sticky":true,"template":"","format":"standard","meta":{"footnotes":""},"categories":[1],"tags":[],"class_list":["post-3526","post","type-post","status-publish","format-standard","hentry","category-uncategorized"],"blocksy_meta":{"styles_descriptor":{"styles":{"desktop":"","tablet":"","mobile":""},"google_fonts":[],"version":7}},"_links":{"self":[{"href":"https:\/\/mansetekseni.com\/index.php\/wp-json\/wp\/v2\/posts\/3526","targetHints":{"allow":["GET"]}}],"collection":[{"href":"https:\/\/mansetekseni.com\/index.php\/wp-json\/wp\/v2\/posts"}],"about":[{"href":"https:\/\/mansetekseni.com\/index.php\/wp-json\/wp\/v2\/types\/post"}],"author":[{"embeddable":true,"href":"https:\/\/mansetekseni.com\/index.php\/wp-json\/wp\/v2\/users\/1"}],"replies":[{"embeddable":true,"href":"https:\/\/mansetekseni.com\/index.php\/wp-json\/wp\/v2\/comments?post=3526"}],"version-history":[{"count":0,"href":"https:\/\/mansetekseni.com\/index.php\/wp-json\/wp\/v2\/posts\/3526\/revisions"}],"wp:attachment":[{"href":"https:\/\/mansetekseni.com\/index.php\/wp-json\/wp\/v2\/media?parent=3526"}],"wp:term":[{"taxonomy":"category","embeddable":true,"href":"https:\/\/mansetekseni.com\/index.php\/wp-json\/wp\/v2\/categories?post=3526"},{"taxonomy":"post_tag","embeddable":true,"href":"https:\/\/mansetekseni.com\/index.php\/wp-json\/wp\/v2\/tags?post=3526"}],"curies":[{"name":"wp","href":"https:\/\/api.w.org\/{rel}","templated":true}]}}