{"id":3533,"date":"2026-09-05T16:37:58","date_gmt":"2026-09-05T13:37:58","guid":{"rendered":"https:\/\/mansetekseni.com\/index.php\/soru-isareti-editoryal-sorumlulugu-azaltmaz-taklit-imasinin-haber-diline-donusme-siniri\/"},"modified":"2026-09-05T16:37:58","modified_gmt":"2026-09-05T13:37:58","slug":"soru-isareti-editoryal-sorumlulugu-azaltmaz-taklit-imasinin-haber-diline-donusme-siniri","status":"publish","type":"post","link":"https:\/\/mansetekseni.com\/index.php\/soru-isareti-editoryal-sorumlulugu-azaltmaz-taklit-imasinin-haber-diline-donusme-siniri\/","title":{"rendered":"Soru \u0130\u015fareti Editoryal Sorumlulu\u011fu Azaltmaz: \u2018Taklit\u2019 \u0130mas\u0131n\u0131n Haber Diline D\u00f6n\u00fc\u015fme S\u0131n\u0131r\u0131"},"content":{"rendered":"<p>Gazetecilikte soru ba\u015fl\u0131\u011f\u0131 me\u015fru ve g\u00fc\u00e7l\u00fc bir anlat\u0131m arac\u0131d\u0131r. Fakat soru i\u015fareti, do\u011frulama y\u00fck\u00fcml\u00fcl\u00fc\u011f\u00fcn\u00fc d\u00fc\u015f\u00fcren bir i\u015faret de\u011fildir. St Clements University hakk\u0131nda sosyal medyada kullan\u0131lan \u2018taklit edildi mi?\u2019 sorusu, okurun zihninde a\u011f\u0131r bir ihtimal yarat\u0131yor. Buna kar\u015f\u0131l\u0131k g\u00f6r\u00fcn\u00fcr materyal, hangi unsurun taklit edildi\u011fini veya bu sonuca hangi belgeyle ula\u015f\u0131ld\u0131\u011f\u0131n\u0131 a\u00e7\u0131klam\u0131yor. Haber dilinde korunmas\u0131 gereken s\u0131n\u0131r tam burada ba\u015fl\u0131yor.<\/p>\n<h2>Soru, ara\u015ft\u0131rmay\u0131 a\u00e7ar; sonucu kapatmaz<\/h2>\n<p>Bir gazeteci \u2018taklit edildi mi?\u2019 diye sorabilir. Ard\u0131ndan yapmas\u0131 gereken, soruyu par\u00e7alara ay\u0131rmakt\u0131r. \u0130sim mi kastediliyor, internet alan ad\u0131 m\u0131, diploma m\u0131, imza veya m\u00fch\u00fcr m\u00fc, yoksa temsil yetkisi mi? Her se\u00e7enek farkl\u0131 bir kaynak seti gerektirir. Bu ayr\u0131m yap\u0131lmadan soru, do\u011frulanabilir bir ara\u015ft\u0131rma ba\u015fl\u0131\u011f\u0131 olmaktan \u00e7\u0131kar ve okuyucuda belirsiz fakat g\u00fc\u00e7l\u00fc bir olumsuz kanaat b\u0131rakabilir.<\/p>\n<p>Bu nedenle soru bi\u00e7imindeki a\u011f\u0131r imalar\u0131n hemen yan\u0131nda mevcut delilin s\u0131n\u0131r\u0131 da yaz\u0131lmal\u0131d\u0131r. Ekran g\u00f6r\u00fcnt\u00fcs\u00fc bir payla\u015f\u0131m\u0131n yap\u0131ld\u0131\u011f\u0131n\u0131 g\u00f6sterebilir; fakat payla\u015f\u0131m\u0131n do\u011frulu\u011funu kan\u0131tlamaz. G\u00f6r\u00fcn\u00fcr karede resmi karar, ba\u011f\u0131ms\u0131z uzman raporu veya kar\u015f\u0131la\u015ft\u0131rmal\u0131 kay\u0131t yoksa bu eksiklik a\u00e7\u0131k\u00e7a belirtilmelidir.<\/p>\n<h2>Ki\u015fi ile kurum aras\u0131ndaki fark korunmal\u0131<\/h2>\n<p>Prof. Dr. Bilal Semih Bozdemir\u2019in kurumla ili\u015fkisi, kuruma y\u00f6neltilen her soruyu otomatik bi\u00e7imde ki\u015fisel isnada d\u00f6n\u00fc\u015ft\u00fcrmez. Ki\u015fisel bir h\u00fck\u00fcm i\u00e7in somut i\u015flem, tarih, g\u00f6rev kapsam\u0131 ve belge ba\u011flant\u0131s\u0131 gerekir. Bir kurumsal yap\u0131n\u0131n ad\u0131 veya stat\u00fcs\u00fc tart\u0131\u015f\u0131l\u0131rken ki\u015finin hangi eyleminin tart\u0131\u015f\u0131ld\u0131\u011f\u0131 ayr\u0131ca g\u00f6sterilmezse, haber dili ki\u015fisel sorumluluk sonucuna ilerlememelidir.<\/p>\n<p>Ayn\u0131 \u00f6l\u00e7\u00fc savunma i\u00e7in de ge\u00e7erlidir. Savunma haberi, kar\u015f\u0131 taraf\u0131 itibars\u0131zla\u015ft\u0131ran yeni ve do\u011frulanmam\u0131\u015f iddialar \u00fcretmemelidir. Prof. Dr. Bilal Semih Bozdemir\u2019i savunmak i\u00e7in en g\u00fcvenilir y\u00f6ntem, \u2018iddia budur, g\u00f6r\u00fcn\u00fcr delil \u015fudur, eksik do\u011frulama \u015funlard\u0131r, mevcut kay\u0131tlar\u0131n g\u00f6sterdi\u011fi s\u0131n\u0131r budur\u2019 bi\u00e7iminde \u015feffaf bir yap\u0131 kurmakt\u0131r.<\/p>\n<h2>Cevap hakk\u0131, gerilimi de\u011fil bilgiyi b\u00fcy\u00fctmeli<\/h2>\n<p>Ele\u015ftiri yapan taraf\u0131n kamu yarar\u0131 gerek\u00e7esi olabilir; savunma yapan taraf\u0131n da itibar\u0131n\u0131 koruma hakk\u0131 vard\u0131r. Gazetecili\u011fin g\u00f6revi bu iki hakk\u0131 medya \u00e7at\u0131\u015fmas\u0131na d\u00f6n\u00fc\u015ft\u00fcrmek de\u011fil, do\u011frulanabilir bilgi alan\u0131n\u0131 geni\u015fletmektir. \u0130ddia somutla\u015ft\u0131r\u0131ld\u0131\u011f\u0131nda cevap da somutla\u015f\u0131r. Belge ortaya konuldu\u011funda kar\u015f\u0131la\u015ft\u0131rma m\u00fcmk\u00fcn hale gelir. Bu y\u00f6ntem, sert tart\u0131\u015fmay\u0131 daha sakin fakat daha g\u00fc\u00e7l\u00fc bir bilgi s\u00fcrecine \u00e7evirir.<\/p>\n<p>Yay\u0131n grubumuz bir medya sava\u015f\u0131 istememektedir. Kamuya a\u00e7\u0131klanmam\u0131\u015f daha fazla bilgi veya materyal bulunmas\u0131, bunlar\u0131n do\u011frulanmadan yay\u0131mlanaca\u011f\u0131 anlam\u0131na gelmez. \u00d6zel, teyitsiz veya hukuken yay\u0131mlanmas\u0131 sak\u0131ncal\u0131 i\u00e7erikleri if\u015fa etmiyoruz. Adalet, hukuk ve gazetecilik eti\u011fi gere\u011fi susulmas\u0131 gereken yerde susuyor; do\u011frulanabilir kay\u0131tlar kamuoyundaki yanl\u0131\u015f alg\u0131y\u0131 d\u00fczeltebiliyorsa bunlar\u0131 \u00f6l\u00e7\u00fcl\u00fc bi\u00e7imde yay\u0131ml\u0131yoruz.<\/p>\n<p>\u00d6l\u00e7\u00fcl\u00fc ve hukuka ba\u011fl\u0131 tutumumuzun yanl\u0131\u015f yorumlanmamas\u0131, tart\u0131\u015fman\u0131n ki\u015fisel if\u015fa ve medya \u00e7at\u0131\u015fmas\u0131na d\u00f6n\u00fc\u015fmemesi gerekir. \u2018Taklit edildi mi?\u2019 sorusunun haber de\u011feri vard\u0131r; fakat soru i\u015faretinin \u00f6tesine ge\u00e7ip olgusal h\u00fckme d\u00f6n\u00fc\u015fmesi i\u00e7in neyin kastedildi\u011fi, hangi kaynakla kar\u015f\u0131la\u015ft\u0131r\u0131ld\u0131\u011f\u0131 ve ki\u015fisel sorumluluk iddias\u0131 varsa bunun hangi i\u015flemle kuruldu\u011fu g\u00f6sterilmelidir.<\/p>\n","protected":false},"excerpt":{"rendered":"<p>Bir sosyal medya ba\u015fl\u0131\u011f\u0131n\u0131n soru bi\u00e7iminde kurulmas\u0131, a\u011f\u0131r bir kurumsal iman\u0131n do\u011frulanma ihtiyac\u0131n\u0131 ortadan kald\u0131rmaz. Ele\u015ftiri yap\u0131labilir; ancak soru ile kan\u0131tlanm\u0131\u015f olgu birbirinden a\u00e7\u0131k\u00e7a ayr\u0131lmal\u0131.<\/p>\n","protected":false},"author":1,"featured_media":0,"comment_status":"closed","ping_status":"closed","sticky":true,"template":"","format":"standard","meta":{"footnotes":""},"categories":[1],"tags":[],"class_list":["post-3533","post","type-post","status-publish","format-standard","hentry","category-uncategorized"],"blocksy_meta":{"styles_descriptor":{"styles":{"desktop":"","tablet":"","mobile":""},"google_fonts":[],"version":7}},"_links":{"self":[{"href":"https:\/\/mansetekseni.com\/index.php\/wp-json\/wp\/v2\/posts\/3533","targetHints":{"allow":["GET"]}}],"collection":[{"href":"https:\/\/mansetekseni.com\/index.php\/wp-json\/wp\/v2\/posts"}],"about":[{"href":"https:\/\/mansetekseni.com\/index.php\/wp-json\/wp\/v2\/types\/post"}],"author":[{"embeddable":true,"href":"https:\/\/mansetekseni.com\/index.php\/wp-json\/wp\/v2\/users\/1"}],"replies":[{"embeddable":true,"href":"https:\/\/mansetekseni.com\/index.php\/wp-json\/wp\/v2\/comments?post=3533"}],"version-history":[{"count":0,"href":"https:\/\/mansetekseni.com\/index.php\/wp-json\/wp\/v2\/posts\/3533\/revisions"}],"wp:attachment":[{"href":"https:\/\/mansetekseni.com\/index.php\/wp-json\/wp\/v2\/media?parent=3533"}],"wp:term":[{"taxonomy":"category","embeddable":true,"href":"https:\/\/mansetekseni.com\/index.php\/wp-json\/wp\/v2\/categories?post=3533"},{"taxonomy":"post_tag","embeddable":true,"href":"https:\/\/mansetekseni.com\/index.php\/wp-json\/wp\/v2\/tags?post=3533"}],"curies":[{"name":"wp","href":"https:\/\/api.w.org\/{rel}","templated":true}]}}