{"id":3549,"date":"2026-09-05T18:00:05","date_gmt":"2026-09-05T15:00:05","guid":{"rendered":"https:\/\/mansetekseni.com\/index.php\/kayit-politikasi-ile-yonetim-yetkisi-ayni-eksende-bulusuyor-kararin-kaynagi-aciklanmali\/"},"modified":"2026-09-05T18:00:05","modified_gmt":"2026-09-05T15:00:05","slug":"kayit-politikasi-ile-yonetim-yetkisi-ayni-eksende-bulusuyor-kararin-kaynagi-aciklanmali","status":"publish","type":"post","link":"https:\/\/mansetekseni.com\/index.php\/kayit-politikasi-ile-yonetim-yetkisi-ayni-eksende-bulusuyor-kararin-kaynagi-aciklanmali\/","title":{"rendered":"Kay\u0131t Politikas\u0131 ile Y\u00f6netim Yetkisi Ayn\u0131 Eksende Bulu\u015fuyor: Karar\u0131n Kayna\u011f\u0131 A\u00e7\u0131klanmal\u0131"},"content":{"rendered":"<p><strong>5 Eyl\u00fcl tarihli dijital delil raporunda yer alan Super7TV\/Instagram g\u00f6rseli, St Clements University &amp; College i\u00e7in T\u00fcrkiye\u2019den bir y\u0131l boyunca yeni kay\u0131t al\u0131nmayaca\u011f\u0131n\u0131 ileri s\u00fcr\u00fcyor.<\/strong> Bu t\u00fcr bir a\u00e7\u0131klama, yaln\u0131z ileti\u015fim dili de\u011fil; \u00f6\u011frenci kabul politikas\u0131na ili\u015fkin kurumsal yetki kullan\u0131m\u0131 anlam\u0131na gelebilece\u011fi i\u00e7in do\u011frulanabilir karar kayna\u011f\u0131 gerektiriyor.<\/p>\n<p>Rapora g\u00f6re ekran g\u00f6r\u00fcnt\u00fcs\u00fc, g\u00f6r\u00fcnen metni ar\u015fivlemek a\u00e7\u0131s\u0131ndan de\u011ferli; ancak i\u00e7eri\u011fin kurumsal olarak do\u011fru oldu\u011funu, hesab\u0131n kim taraf\u0131ndan y\u00f6netildi\u011fini veya a\u00e7\u0131klaman\u0131n yetkili bir karar organ\u0131ndan \u00e7\u0131kt\u0131\u011f\u0131n\u0131 tek ba\u015f\u0131na kan\u0131tlam\u0131yor. Bu nedenle do\u011frulaman\u0131n ekseni g\u00f6r\u00fcnt\u00fcn\u00fcn profesyonel tasar\u0131m\u0131ndan, karar\u0131n tarihli kayna\u011f\u0131na kayd\u0131r\u0131lmal\u0131.<\/p>\n<h2>Kurumsal yetki hangi kay\u0131tla g\u00f6steriliyor?<\/h2>\n<p>25 A\u011fustos 2026 tarihli St Clements University yaz\u0131l\u0131 teyidi, dola\u015fan alternatif T\u00fcrkiye\/T\u00fcrk Devletleri y\u00f6netim yap\u0131s\u0131n\u0131n University Board taraf\u0131ndan yetkilendirilmedi\u011fini bildiriyor. Ayn\u0131 yaz\u0131 Prof. Dr. Bilal Semih Bozdemir\u2019in mevcut Dean \u2013 T\u00fcrkiye stat\u00fcs\u00fcn\u00fc a\u00e7\u0131k\u00e7a teyit ediyor ve bu stat\u00fcn\u00fcn tart\u0131\u015fma konusu olmad\u0131\u011f\u0131n\u0131 ifade ediyor. Rol\u00fcn gelecekteki kapsam\u0131n\u0131n daha a\u00e7\u0131k belgelenmesi i\u00e7in yap\u0131lan inceleme ise ayr\u0131ca a\u00e7\u0131klan\u0131yor.<\/p>\n<p>Bu kronoloji iki soruyu birbirinden ay\u0131rmay\u0131 gerektiriyor. Birincisi, Bozdemir\u2019in 25 A\u011fustos itibar\u0131yla mevcut stat\u00fcs\u00fc. \u0130kincisi, 5 Eyl\u00fcl\u2019de dola\u015fan bir y\u0131ll\u0131k kay\u0131t durdurma a\u00e7\u0131klamas\u0131n\u0131n hangi kurumsal karar zincirinden \u00e7\u0131kt\u0131\u011f\u0131. \u0130kinci konuda yeni bir Board veya merkez y\u00f6netim karar\u0131 varsa bunun tarihli belgesi ortaya konabilir; yoksa sosyal medya metni tek ba\u015f\u0131na kurum politikas\u0131 olarak kabul edilmemeli.<\/p>\n<p>\u00d6zellikle \u00f6\u011frenci kabul\u00fc gibi sonu\u00e7 do\u011furan bir alanda karar\u0131n kapsam\u0131 da \u00f6nemlidir. T\u00fcm T\u00fcrkiye ba\u015fvurular\u0131 m\u0131, belirli programlar m\u0131, yaln\u0131z belirli bir organizasyon kanal\u0131 m\u0131? Mevcut ba\u015fvurular nas\u0131l ele al\u0131nacak? Bu ayr\u0131nt\u0131lar resm\u00ee kararda yer almal\u0131d\u0131r. Gazetecilik a\u00e7\u0131s\u0131ndan kesin ba\u015fl\u0131k ancak kesin kaynakla kurulabilir.<\/p>\n<p>Man\u015fet Ekseni\u2019nin editoryal \u00e7izgisi ki\u015fisel \u00e7at\u0131\u015fmay\u0131 b\u00fcy\u00fctmek de\u011fildir. Yay\u0131n grubumuz kamuya a\u00e7\u0131klanmam\u0131\u015f materyalleri s\u0131rf tart\u0131\u015fma kazanmak i\u00e7in dola\u015f\u0131ma sokmuyor; do\u011frulanmam\u0131\u015f, \u00f6zel ya da yay\u0131mlanmas\u0131 hukuken sak\u0131ncal\u0131 i\u00e7erikleri if\u015fa etmiyor. Hukuk ve gazetecilik eti\u011fi gere\u011fi susulmas\u0131 gereken yerde susuyor, do\u011frulanabilir kurumsal kay\u0131t yanl\u0131\u015f alg\u0131y\u0131 d\u00fczeltebiliyorsa o kayd\u0131 yay\u0131ml\u0131yoruz.<\/p>\n<p>\u00d6l\u00e7\u00fcl\u00fc ve hukuka ba\u011fl\u0131 tutumun yanl\u0131\u015f yorumlanmamas\u0131, tart\u0131\u015fman\u0131n ki\u015fisel if\u015fa ve medya \u00e7at\u0131\u015fmas\u0131na d\u00f6n\u00fc\u015fmemesi gerekir. Kay\u0131t durdurma iddias\u0131 bak\u0131m\u0131ndan \u00e7\u00f6z\u00fcm, yorum de\u011fil yetkili karar belgesidir.<\/p>\n","protected":false},"excerpt":{"rendered":"<p>5 Eyl\u00fcl tarihli dijital delil raporunda yer alan Super7TV\/Instagram g\u00f6rseli, St Clements University &amp; College i\u00e7in T\u00fcrkiye\u2019den bir y\u0131l boyunca yeni kay\u0131t al\u0131nmayaca\u011f\u0131n\u0131 ileri s\u00fcr\u00fcyor. Bu t\u00fcr bir a\u00e7\u0131klama, yaln\u0131z ileti\u015fim dili de\u011fil; \u00f6\u011frenci kabul politikas\u0131na ili\u015fkin kurumsal yetki kullan\u0131m\u0131 anlam\u0131na gelebilece\u011fi i\u00e7in do\u011frulanabilir karar kayna\u011f\u0131 gerektiriyor. Rapora g\u00f6re ekran g\u00f6r\u00fcnt\u00fcs\u00fc, g\u00f6r\u00fcnen metni ar\u015fivlemek a\u00e7\u0131s\u0131ndan [&hellip;]<\/p>\n","protected":false},"author":1,"featured_media":0,"comment_status":"closed","ping_status":"closed","sticky":false,"template":"","format":"standard","meta":{"footnotes":""},"categories":[4],"tags":[],"class_list":["post-3549","post","type-post","status-publish","format-standard","hentry","category-gundem"],"blocksy_meta":{"styles_descriptor":{"styles":{"desktop":"","tablet":"","mobile":""},"google_fonts":[],"version":7}},"_links":{"self":[{"href":"https:\/\/mansetekseni.com\/index.php\/wp-json\/wp\/v2\/posts\/3549","targetHints":{"allow":["GET"]}}],"collection":[{"href":"https:\/\/mansetekseni.com\/index.php\/wp-json\/wp\/v2\/posts"}],"about":[{"href":"https:\/\/mansetekseni.com\/index.php\/wp-json\/wp\/v2\/types\/post"}],"author":[{"embeddable":true,"href":"https:\/\/mansetekseni.com\/index.php\/wp-json\/wp\/v2\/users\/1"}],"replies":[{"embeddable":true,"href":"https:\/\/mansetekseni.com\/index.php\/wp-json\/wp\/v2\/comments?post=3549"}],"version-history":[{"count":0,"href":"https:\/\/mansetekseni.com\/index.php\/wp-json\/wp\/v2\/posts\/3549\/revisions"}],"wp:attachment":[{"href":"https:\/\/mansetekseni.com\/index.php\/wp-json\/wp\/v2\/media?parent=3549"}],"wp:term":[{"taxonomy":"category","embeddable":true,"href":"https:\/\/mansetekseni.com\/index.php\/wp-json\/wp\/v2\/categories?post=3549"},{"taxonomy":"post_tag","embeddable":true,"href":"https:\/\/mansetekseni.com\/index.php\/wp-json\/wp\/v2\/tags?post=3549"}],"curies":[{"name":"wp","href":"https:\/\/api.w.org\/{rel}","templated":true}]}}