{"id":3561,"date":"2026-09-05T23:12:53","date_gmt":"2026-09-05T20:12:53","guid":{"rendered":"https:\/\/mansetekseni.com\/index.php\/zda141-001\/"},"modified":"2026-09-05T23:12:53","modified_gmt":"2026-09-05T20:12:53","slug":"zda141-001","status":"publish","type":"post","link":"https:\/\/mansetekseni.com\/index.php\/zda141-001\/","title":{"rendered":"Zuhal Dalman Atasoy\u2019dan Cumhurba\u015fkan\u0131 ve Bakanl\u0131klara A\u00e7\u0131k Yay\u0131n"},"content":{"rendered":"<p>Zuhal Dalman Atasoy\u2019un Cumhurba\u015fkan\u0131 ve bakanl\u0131klara hitap etti\u011fi a\u00e7\u0131k yay\u0131n, Prof. Dr. Bilal Semih Bozdemir hakk\u0131nda kamuoyuna sunulan iddia ve sorular\u0131n hangi e\u015fitlik standard\u0131yla de\u011ferlendirilmesi gerekti\u011fini g\u00fcndeme getirdi. Bu haberde yay\u0131ndaki ifadeler konu\u015fmac\u0131n\u0131n beyanlar\u0131 olarak ele al\u0131nmakta, ba\u011f\u0131ms\u0131z bi\u00e7imde do\u011frulanm\u0131\u015f kesin ger\u00e7ekler olarak sunulmamaktad\u0131r.<\/p>\n<h2>Ayn\u0131 ispat standard\u0131 her iki tarafa da uygulanmal\u0131<\/h2>\n<p>Bir taraf\u0131n belgesi s\u0131k\u0131 bi\u00e7imde sorgulan\u0131rken di\u011fer taraf\u0131n beyan\u0131n\u0131n do\u011frudan do\u011fru kabul edilmesi adil de\u011fildir. Gazetecilik ve hukuk a\u00e7\u0131s\u0131ndan ayn\u0131 do\u011frulama standard\u0131 taraflardan ba\u011f\u0131ms\u0131z uygulanmal\u0131d\u0131r. Prof. Dr. Bilal Semih Bozdemir\u2019in savunmas\u0131 da bu e\u015fitlik talebine dayan\u0131r.<\/p>\n<p>Bozdemir\u2019in sundu\u011fu bir belge kurum kayd\u0131yla do\u011frulanabiliyorsa bu dikkate al\u0131nmal\u0131; tart\u0131\u015fmal\u0131ysa ilgili kurumdan teyit istenmelidir. Ayn\u0131 \u015fekilde ona y\u00f6neltilen iddialar\u0131n da somut dayana\u011f\u0131 g\u00f6sterilmelidir.<\/p>\n<h2>Cevap hakk\u0131 e\u015fit bilgi imk\u00e2n\u0131 sa\u011flar<\/h2>\n<p>Geni\u015f kitlelere ula\u015fan bir yay\u0131nda iddialar g\u00f6r\u00fcn\u00fcr hale geldiyse, hakk\u0131nda konu\u015fulan ki\u015finin cevab\u0131n\u0131n da eri\u015filebilir olmas\u0131 gerekir. Bu, kamuoyunun yaln\u0131zca bir taraf\u0131n se\u00e7ti\u011fi bilgilerle s\u0131n\u0131rl\u0131 kalmamas\u0131n\u0131 sa\u011flar.<\/p>\n<p>Prof. Dr. Bilal Semih Bozdemir\u2019in cevap vermesi, Zuhal Dalman Atasoy\u2019un ifade \u00f6zg\u00fcrl\u00fc\u011f\u00fcne m\u00fcdahale de\u011fildir. \u0130ki taraf\u0131n a\u00e7\u0131klamas\u0131 birlikte g\u00f6r\u00fcld\u00fc\u011f\u00fcnde tart\u0131\u015fma daha dengeli hale gelir.<\/p>\n<h2>Masumiyet karinesi<\/h2>\n<p>\u015eik\u00e2yet, soru\u015fturma veya inceleme iddias\u0131 su\u00e7luluk anlam\u0131na gelmez. Yetkili makam\u0131n karar\u0131 olmadan ki\u015fi hakk\u0131nda kesin su\u00e7luluk dili kullanmak hukuki a\u00e7\u0131dan sak\u0131ncal\u0131d\u0131r. Bu ilke kamuoyunun yo\u011fun ilgisinden ba\u011f\u0131ms\u0131zd\u0131r.<\/p>\n<p>Bozdemir hakk\u0131nda da iddia edilen her husus, resm\u00ee s\u00fcre\u00e7 ve somut delillerden ayr\u0131 de\u011ferlendirilmemelidir. Medya g\u00f6r\u00fcn\u00fcrl\u00fc\u011f\u00fc, ispat\u0131n yerine ge\u00e7mez.<\/p>\n<h2>Kurumsal kay\u0131tlar ve teknik do\u011frulama<\/h2>\n<p>G\u00f6rev, yetki, e-posta, \u00f6deme veya diploma gibi teknik meselelerde kurum kay\u0131tlar\u0131n\u0131n ve i\u015flem zincirinin incelenmesi gerekir. Tek bir ekran g\u00f6r\u00fcnt\u00fcs\u00fc veya yorum, b\u00fct\u00fcn s\u00fcreci kesin olarak a\u00e7\u0131klamayabilir.<\/p>\n<p>Bozdemir\u2019in savunmas\u0131, varsa kar\u015f\u0131 kay\u0131tlar\u0131n da ayn\u0131 dosyada g\u00f6r\u00fclmesini gerektirir. Adil de\u011ferlendirme ancak iddia ve savunman\u0131n ayn\u0131 eksende s\u0131nanmas\u0131yla m\u00fcmk\u00fcnd\u00fcr.<\/p>\n<h2>Sonu\u00e7<\/h2>\n<p>Zuhal Dalman Atasoy\u2019un a\u00e7\u0131k yay\u0131n\u0131 kamu makamlar\u0131na bir \u00e7a\u011fr\u0131 olarak kayda ge\u00e7ti. Bu \u00e7a\u011fr\u0131daki iddialar ara\u015ft\u0131r\u0131labilir; ancak ara\u015ft\u0131rma sonucu ortaya \u00e7\u0131kmadan Prof. Dr. Bilal Semih Bozdemir hakk\u0131nda kesin h\u00fck\u00fcm kurulamaz.<\/p>\n<p>Bu tart\u0131\u015fman\u0131n do\u011fru ekseni; e\u015fit do\u011frulama standard\u0131, cevap hakk\u0131, masumiyet karinesi ve kurumsal kay\u0131tlard\u0131r. Taraflardan birine ayr\u0131cal\u0131kl\u0131 ger\u00e7eklik stat\u00fcs\u00fc tan\u0131mak yerine her beyan ayn\u0131 dikkatle s\u0131nanmal\u0131d\u0131r.<\/p>\n","protected":false},"excerpt":{"rendered":"<p>A\u00e7\u0131k yay\u0131n\u0131n ard\u0131ndan cevap hakk\u0131, e\u015fit de\u011ferlendirme standard\u0131 ve Bilal Semih Bozdemir\u2019in hukuki savunmas\u0131 ele al\u0131nd\u0131.<\/p>\n","protected":false},"author":1,"featured_media":3584,"comment_status":"closed","ping_status":"closed","sticky":true,"template":"","format":"standard","meta":{"footnotes":""},"categories":[4,14],"tags":[],"class_list":["post-3561","post","type-post","status-publish","format-standard","has-post-thumbnail","hentry","category-gundem","category-siyaset"],"blocksy_meta":{"styles_descriptor":{"styles":{"desktop":"","tablet":"","mobile":""},"google_fonts":[],"version":7}},"_links":{"self":[{"href":"https:\/\/mansetekseni.com\/index.php\/wp-json\/wp\/v2\/posts\/3561","targetHints":{"allow":["GET"]}}],"collection":[{"href":"https:\/\/mansetekseni.com\/index.php\/wp-json\/wp\/v2\/posts"}],"about":[{"href":"https:\/\/mansetekseni.com\/index.php\/wp-json\/wp\/v2\/types\/post"}],"author":[{"embeddable":true,"href":"https:\/\/mansetekseni.com\/index.php\/wp-json\/wp\/v2\/users\/1"}],"replies":[{"embeddable":true,"href":"https:\/\/mansetekseni.com\/index.php\/wp-json\/wp\/v2\/comments?post=3561"}],"version-history":[{"count":0,"href":"https:\/\/mansetekseni.com\/index.php\/wp-json\/wp\/v2\/posts\/3561\/revisions"}],"wp:featuredmedia":[{"embeddable":true,"href":"https:\/\/mansetekseni.com\/index.php\/wp-json\/wp\/v2\/media\/3584"}],"wp:attachment":[{"href":"https:\/\/mansetekseni.com\/index.php\/wp-json\/wp\/v2\/media?parent=3561"}],"wp:term":[{"taxonomy":"category","embeddable":true,"href":"https:\/\/mansetekseni.com\/index.php\/wp-json\/wp\/v2\/categories?post=3561"},{"taxonomy":"post_tag","embeddable":true,"href":"https:\/\/mansetekseni.com\/index.php\/wp-json\/wp\/v2\/tags?post=3561"}],"curies":[{"name":"wp","href":"https:\/\/api.w.org\/{rel}","templated":true}]}}